{"id":1772,"date":"2023-02-13T08:34:58","date_gmt":"2023-02-13T08:34:58","guid":{"rendered":"https:\/\/adeyco.com\/impuesto-ambiental-sobre-los-envases-de-plastico-no-reutilizable\/"},"modified":"2023-03-06T10:28:18","modified_gmt":"2023-03-06T10:28:18","slug":"impuesto-ambiental-sobre-los-envases-de-plastico-no-reutilizable","status":"publish","type":"post","link":"https:\/\/adeyco.com\/ca\/impuesto-ambiental-sobre-los-envases-de-plastico-no-reutilizable\/","title":{"rendered":"Impuesto ambiental sobre los envases de  pl\u00e1stico no reutilizable"},"content":{"rendered":"<div class=\"wpb-content-wrapper\"><p>[vc_row][vc_column][vc_column_text]<\/p>\n<p style=\"text-align: justify;\">NOTA INFORMATIVA: como ustedes ya sabr\u00e1n, impuesto ambiental sobre los envases de pl\u00e1stico no reutilizables entr\u00f3 en vigor el 1 de enero de 2023.<\/p>\n<p style=\"text-align: justify;\">Est\u00e1n sujetas al impuesto la fabricaci\u00f3n, la importaci\u00f3n o la adquisici\u00f3n intracomunitaria de los productos que forman parte del \u00e1mbito objetivo del impuesto.<\/p>\n<ul style=\"text-align: justify;\">\n<li><span style=\"text-align: justify;\">Art. 68.1.a) envases no reutilizables que contengan pl\u00e1stico en la medida en que est\u00e9n <\/span>dise\u00f1ados para contener, proteger, manipular, distribuir y presentar mercanc\u00edas, tanto si se presentan vac\u00edos como si se presentan prestando la funci\u00f3n para la que fueron dise\u00f1ados.<\/li>\n<li><span style=\"text-align: justify;\">Art. 68.1.b) los productos de pl\u00e1stico semielaborados destinados a la obtenci\u00f3n de los <\/span>referidos envases (como ejemplo, est\u00e1n las preformas o las l\u00e1minas de termopl\u00e1stico).<\/li>\n<li><span style=\"text-align: justify;\">Art. 68.1.c) los productos que contengan pl\u00e1stico destinados a permitir su cierre, <\/span>comercializaci\u00f3n o presentaci\u00f3n.<\/li>\n<\/ul>\n<p style=\"text-align: justify;\">El impuesto no grava (fuente web AEAT):<\/p>\n<ul style=\"text-align: justify;\">\n<li style=\"text-align: justify;\">La utilizaci\u00f3n de envases reutilizables.<\/li>\n<li style=\"text-align: justify;\">La utilizaci\u00f3n de envases que no contengan pl\u00e1stico.<\/li>\n<li style=\"text-align: justify;\">El pl\u00e1stico reciclado que contengan los envases.<\/li>\n<\/ul>\n<p style=\"text-align: justify;\"><strong>Base imponible<\/strong>: cantidad (en Kg.) de pl\u00e1stico no reciclado contenida en los productos objeto del impuesto.<\/p>\n<p style=\"text-align: justify;\"><strong>Tipo impositivo:<\/strong> 0,45 euros por kilogramo de pl\u00e1stico no reciclado contenida en los productos objeto del impuesto.<\/p>\n<p style=\"text-align: justify;\">Existen <strong>exenciones aplicables<\/strong>, por ejemplo en el \u00e1mbito sanitario, o se destruyen o se expiden fuera del territorio del impuesto, etc. La mayor\u00eda de ellas habr\u00e1n de ser acreditadas.<\/p>\n<p style=\"text-align: justify;\">As\u00ed pues, <strong>les animamos a que analicen ustedes:<\/strong><br \/>\n1. Si ostentan la consideraci\u00f3n de fabricantes de envases. Por las bases de datos que le constan a Adeyco parecer\u00eda que no, pero, como despacho no podemos aseverarlo al no conocer al detalle todos los procesos productivos espec\u00edficos.<br \/>\n2. Sus adquisiciones intracomunitarias de bienes, por si llegasen envasadas\/envueltas\/embaladas en pl\u00e1stico: por si los productos unitariamente<br \/>\nconsiderados est\u00e1n envasados en pl\u00e1stico o por si el pal\u00e9 que los contiene est\u00e1 envuelto en pl\u00e1stico (ya que tambi\u00e9n se considera envase el pl\u00e1stico que envuelve un pal\u00e9).<br \/>\n3. Sus importaciones de bienes (puesto que tendr\u00e1n ustedes que liquidar el impuesto \u2013 junto con el IVA y derechos de importaci\u00f3n- para poder retirar la mercanc\u00eda de aduana).<\/p>\n<p style=\"text-align: justify;\"><strong>Obligaciones:<\/strong><br \/>\n1. <strong>Inscripci\u00f3n en el registro especial<\/strong>: afecta s\u00f3lo a <strong>fabricantes y adquirentes<\/strong><br \/>\n<strong>intracomunitarios<\/strong>.<\/p>\n<p style=\"text-align: justify;\">Importante: los adquirentes intracomunitarios que realicen adquisiciones intracomunitarias en las que el <strong>peso total de pl\u00e1stico no reciclado no exceda de 5 kilogramos en un mes natural, estar\u00e1n exceptuados de la obligaci\u00f3n<\/strong> de inscripci\u00f3n. 1<\/p>\n<p style=\"text-align: justify;\">Plazo general: La solicitud de inscripci\u00f3n en el registro territorial deber\u00e1 efectuarse con<br \/>\ncar\u00e1cter previo al inicio de la actividad.<\/p>\n<p style=\"text-align: justify;\">Plazo excepcional transitorio: los contribuyentes que deban inscribirse en el registro<br \/>\ndeber\u00e1n solicitar su inscripci\u00f3n dentro de los treinta d\u00edas naturales siguientes a 1 de<br \/>\nenero de 2023.<\/p>\n<p style=\"text-align: justify;\"><strong>2. Liquidaci\u00f3n y pago del impuesto:<\/strong><\/p>\n<p style=\"text-align: justify;\">Los adquirentes intracomunitarios y los fabricantes est\u00e1n obligados a presentar declaraci\u00f3n, cuyo per\u00edodo es mensual o trimestral (\u00eddem periodo de liquidaci\u00f3n del IVA): modelo 592.<\/p>\n<p style=\"text-align: justify;\">Los importadores liquidar\u00e1n por aduana: en el DUA de importaci\u00f3n se deber\u00e1n consignar los kilogramos de pl\u00e1stico no reciclado contenidos en los productos objeto del impuesto y, en su caso, si resulta de aplicaci\u00f3n alguna exenci\u00f3n.<\/p>\n<p style=\"text-align: justify;\"><strong>3. Obligaciones contables:<\/strong><\/p>\n<ul style=\"text-align: justify;\">\n<li>Fabricante: debe llevar una contabilidad de los productos fabricados.<\/li>\n<li>Adquirente intracomunitario: debe llevar un registro de existencias.<\/li>\n<\/ul>\n<p style=\"text-align: justify;\">Fabricante y\/o adquirente intracomunitario deber\u00e1n transmitir la contabilidad \/ registro de existencias a la AEAT a trav\u00e9s de su Sede electr\u00f3nica y en soporte inform\u00e1tico seg\u00fan modelos establecidos en la propia web de la AEAT.<\/p>\n<p style=\"text-align: justify;\">Plazos para dicha transmisi\u00f3n:<\/p>\n<ul style=\"text-align: justify;\">\n<li>Por lo general, en el mes siguiente al per\u00edodo de liquidaci\u00f3n.<\/li>\n<li>Excepcionalmente: los fabricantes\/ adquirentes intracomunitarios obligados a la<br \/>\nllevanza de contabilidad\/ libro registro de existencias podr\u00e1n realizar el suministro<br \/>\nelectr\u00f3nico de los asientos contables\/libro registro de existencias correspondientes a los periodos de liquidaci\u00f3n comprendidos en el primer semestre de 2023, dentro del mes de julio de 2023.<\/li>\n<\/ul>\n<p style=\"text-align: justify;\"><strong>4. Repercusi\u00f3n: hay obligaciones de repercutir para el fabricante<\/strong> en factura as\u00ed como en cualquier otra venta o entrega en territorio espa\u00f1ol (en factura -o en certificado-)..<\/p>\n<p>[\/vc_column_text][\/vc_column][\/vc_row]<\/p>\n<\/div>","protected":false},"excerpt":{"rendered":"<p>[vc_row][vc_column][vc_column_text] NOTA INFORMATIVA: como ustedes ya sabr\u00e1n, impuesto ambiental sobre los envases de pl\u00e1stico no reutilizables entr\u00f3 en vigor el 1 de enero de 2023. Est\u00e1n sujetas al impuesto la fabricaci\u00f3n, la importaci\u00f3n o la adquisici\u00f3n intracomunitaria de los productos que forman parte del \u00e1mbito objetivo del impuesto. Art. 68.1.a) envases no reutilizables que contengan [&hellip;]<\/p>\n","protected":false},"author":1,"featured_media":1598,"comment_status":"closed","ping_status":"closed","sticky":false,"template":"","format":"gallery","meta":{"footnotes":""},"categories":[72],"tags":[],"class_list":["post-1772","post","type-post","status-publish","format-gallery","has-post-thumbnail","hentry","category-facturas-ca","post_format-post-format-gallery"],"aioseo_notices":[],"_links":{"self":[{"href":"https:\/\/adeyco.com\/ca\/wp-json\/wp\/v2\/posts\/1772","targetHints":{"allow":["GET"]}}],"collection":[{"href":"https:\/\/adeyco.com\/ca\/wp-json\/wp\/v2\/posts"}],"about":[{"href":"https:\/\/adeyco.com\/ca\/wp-json\/wp\/v2\/types\/post"}],"author":[{"embeddable":true,"href":"https:\/\/adeyco.com\/ca\/wp-json\/wp\/v2\/users\/1"}],"replies":[{"embeddable":true,"href":"https:\/\/adeyco.com\/ca\/wp-json\/wp\/v2\/comments?post=1772"}],"version-history":[{"count":1,"href":"https:\/\/adeyco.com\/ca\/wp-json\/wp\/v2\/posts\/1772\/revisions"}],"predecessor-version":[{"id":1773,"href":"https:\/\/adeyco.com\/ca\/wp-json\/wp\/v2\/posts\/1772\/revisions\/1773"}],"wp:featuredmedia":[{"embeddable":true,"href":"https:\/\/adeyco.com\/ca\/wp-json\/wp\/v2\/media\/1598"}],"wp:attachment":[{"href":"https:\/\/adeyco.com\/ca\/wp-json\/wp\/v2\/media?parent=1772"}],"wp:term":[{"taxonomy":"category","embeddable":true,"href":"https:\/\/adeyco.com\/ca\/wp-json\/wp\/v2\/categories?post=1772"},{"taxonomy":"post_tag","embeddable":true,"href":"https:\/\/adeyco.com\/ca\/wp-json\/wp\/v2\/tags?post=1772"}],"curies":[{"name":"wp","href":"https:\/\/api.w.org\/{rel}","templated":true}]}}