{"id":1776,"date":"2023-01-17T09:16:38","date_gmt":"2023-01-17T09:16:38","guid":{"rendered":"https:\/\/adeyco.com\/proyecto-de-ley-reforma-irpf\/"},"modified":"2023-03-06T10:29:41","modified_gmt":"2023-03-06T10:29:41","slug":"proyecto-de-ley-reforma-irpf","status":"publish","type":"post","link":"https:\/\/adeyco.com\/ca\/proyecto-de-ley-reforma-irpf\/","title":{"rendered":"Proyecto de Ley Reforma IRPF"},"content":{"rendered":"<div class=\"wpb-content-wrapper\"><p>[vc_row][vc_column][vc_column_text]<\/p>\n<p style=\"text-align: justify;\">En Agosto el Consejo de Ministros aprob\u00f3 el Proyecto de Ley que modifica la Ley de IRPF. Como es bien sabido no est\u00e1 previsto que esta reforma entre en vigor hasta 1 de enero de 2015, y aunque a\u00fan puede ser sometida a cambios, creemos no obstante que debe recalcarse que a fecha de hoy:<\/p>\n<p style=\"text-align: justify;\"><em><u>El Proyecto mantiene ciertas reformas\u00a0<\/u><\/em><em>ya contempladas en el \u00a0Anteproyecto, cuya circular pueden visionar en nuestra web.\u00a0<u>A destacar, a t\u00edtulo de recordatorio que:<\/u><\/em><\/p>\n<ul>\n<li><span style=\"text-align: justify;\">Se suprimir\u00e1 la Disposici\u00f3n transitoria 9\u00aa sobre los coeficientes de abatimiento, <\/span><u style=\"text-align: justify;\">de forma que las ganancias patrimoniales obtenidas por la transmisi\u00f3n de elementos patrimoniales \u00a0tributar\u00e1n \u00edntegramente a partir de 01\/01\/2015, con independencia de su antig\u00fcedad.<\/u><\/li>\n<\/ul>\n<p style=\"text-align: justify;\"><strong>Esto es, que si usted posee alg\u00fan elemento patrimonial (acciones, fondos de inversi\u00f3n, inmuebles,\u2026) adquiridos antes de 31\/12\/1994, ha de saber que si los vende antes del 31\/12\/2014, a\u00fan podr\u00e1 gozar de estos coeficientes que reducen muy considerablemente la tributaci\u00f3n en la venta; mientras que si lo hace a partir del 01\/01\/2015 (al suprimirse dichos coeficientes seg\u00fan dispone la reforma prevista), la tributaci\u00f3n \u00a0ser\u00e1 por la totalidad del beneficio obtenido.<\/strong><\/p>\n<ul>\n<li><span style=\"text-align: justify;\">Desaparecer\u00e1n los coeficientes de actualizaci\u00f3n del valor de adquisici\u00f3n de bienes inmuebles para el c\u00e1lculo de las ganancias\/p\u00e9rdidas patrimoniales.<\/span><\/li>\n<\/ul>\n<p style=\"text-align: justify;\"><em><u>Adem\u00e1s, el Proyecto ha introducido modificaciones respecto al Anteproyecto, siendo las m\u00e1s destacables:<\/u><\/em><\/p>\n<ul>\n<li><u style=\"text-align: justify;\">Indemnizaciones por despido: estar\u00e1 exenta la indemnizaci\u00f3n por despido con el l\u00edmite de 180.000\u20ac. Dicho l\u00edmite<\/u><span style=\"text-align: justify;\">no resultar\u00e1 de aplicaci\u00f3n a las indemnizaciones por despidos o ceses producidos con anterioridad\u00a0<\/span><u style=\"text-align: justify;\">a 1 de agosto de 2014.<\/u><\/li>\n<li><u style=\"text-align: justify;\">Rendimientos por el arrendamiento bienes inmuebles destinados a viviendas<\/u><span style=\"text-align: justify;\">: el Anteproyecto establec\u00eda en estos supuestos una\u00a0<\/span><u style=\"text-align: justify;\">reducci\u00f3n de un 50%. El Proyecto deja la reducci\u00f3n<\/u><span style=\"text-align: justify;\">tal y como est\u00e1, esto es,\u00a0<\/span><u style=\"text-align: justify;\">en un 60%.<\/u><\/li>\n<\/ul>\n<p style=\"text-align: justify;\"><em><u>Por otra parte el Proyecto introduce novedades no contempladas en el Anteproyecto, como por ejemplo \u00e9sta:<\/u><\/em><\/p>\n<p style=\"text-align: justify;\"><u>Podr\u00e1n excluirse de gravamen las ganancias patrimoniales que se pongan de manifiesto con ocasi\u00f3n de la transmisi\u00f3n de elementos patrimoniales por contribuyentes mayores de 65 a\u00f1os,<\/u>siempre que el importe total obtenido por la transmisi\u00f3n se destine en el plazo de seis meses a constituir una renta vitalicia asegurada a su favor<strong>.\u00a0<\/strong><u>La cantidad m\u00e1xima total que a tal efecto podr\u00e1 destinarse a constituir rentas vitalicias ser\u00e1 de 240.000 euros.<\/u><\/p>\n<p>[\/vc_column_text][\/vc_column][\/vc_row]<\/p>\n<\/div>","protected":false},"excerpt":{"rendered":"<p>[vc_row][vc_column][vc_column_text] En Agosto el Consejo de Ministros aprob\u00f3 el Proyecto de Ley que modifica la Ley de IRPF. Como es bien sabido no est\u00e1 previsto que esta reforma entre en vigor hasta 1 de enero de 2015, y aunque a\u00fan puede ser sometida a cambios, creemos no obstante que debe recalcarse que a fecha de [&hellip;]<\/p>\n","protected":false},"author":1,"featured_media":1464,"comment_status":"open","ping_status":"closed","sticky":false,"template":"","format":"gallery","meta":{"footnotes":""},"categories":[73],"tags":[],"class_list":["post-1776","post","type-post","status-publish","format-gallery","has-post-thumbnail","hentry","category-irpf-ca","post_format-post-format-gallery"],"aioseo_notices":[],"_links":{"self":[{"href":"https:\/\/adeyco.com\/ca\/wp-json\/wp\/v2\/posts\/1776","targetHints":{"allow":["GET"]}}],"collection":[{"href":"https:\/\/adeyco.com\/ca\/wp-json\/wp\/v2\/posts"}],"about":[{"href":"https:\/\/adeyco.com\/ca\/wp-json\/wp\/v2\/types\/post"}],"author":[{"embeddable":true,"href":"https:\/\/adeyco.com\/ca\/wp-json\/wp\/v2\/users\/1"}],"replies":[{"embeddable":true,"href":"https:\/\/adeyco.com\/ca\/wp-json\/wp\/v2\/comments?post=1776"}],"version-history":[{"count":1,"href":"https:\/\/adeyco.com\/ca\/wp-json\/wp\/v2\/posts\/1776\/revisions"}],"predecessor-version":[{"id":1777,"href":"https:\/\/adeyco.com\/ca\/wp-json\/wp\/v2\/posts\/1776\/revisions\/1777"}],"wp:featuredmedia":[{"embeddable":true,"href":"https:\/\/adeyco.com\/ca\/wp-json\/wp\/v2\/media\/1464"}],"wp:attachment":[{"href":"https:\/\/adeyco.com\/ca\/wp-json\/wp\/v2\/media?parent=1776"}],"wp:term":[{"taxonomy":"category","embeddable":true,"href":"https:\/\/adeyco.com\/ca\/wp-json\/wp\/v2\/categories?post=1776"},{"taxonomy":"post_tag","embeddable":true,"href":"https:\/\/adeyco.com\/ca\/wp-json\/wp\/v2\/tags?post=1776"}],"curies":[{"name":"wp","href":"https:\/\/api.w.org\/{rel}","templated":true}]}}